{"id":204,"date":"2023-10-01T07:55:45","date_gmt":"2023-10-01T07:55:45","guid":{"rendered":"https:\/\/invictus-asso.fr\/?p=204"},"modified":"2023-10-01T07:55:58","modified_gmt":"2023-10-01T07:55:58","slug":"compagne-de-collecte-de-dons-pour-le-financement-de-projets-dedies-aux-personnes-handicapees-et-personnes-agees","status":"publish","type":"post","link":"https:\/\/invictus-asso.fr\/index.php\/2023\/10\/01\/compagne-de-collecte-de-dons-pour-le-financement-de-projets-dedies-aux-personnes-handicapees-et-personnes-agees\/","title":{"rendered":"Compagne de collecte de Dons Pour le financement de projets d\u00e9di\u00e9s aux personnes handicap\u00e9es et personnes \u00e2g\u00e9es"},"content":{"rendered":"\n<p>Association \u0153uvrant dans le champ de la petite enfance, les secteurs du handicap et du grand \u00e2ge, dont les objectifs sont l\u2019inclusion et l\u2019autonomie des personnes.<\/p>\n\n\n\n<figure class=\"wp-block-image size-full\"><a href=\"https:\/\/bit.ly\/3hYZIJv\"><img fetchpriority=\"high\" decoding=\"async\" width=\"418\" height=\"280\" src=\"https:\/\/invictus-asso.fr\/wp-content\/uploads\/2023\/10\/image-20.png\" alt=\"\" class=\"wp-image-205\" srcset=\"https:\/\/invictus-asso.fr\/wp-content\/uploads\/2023\/10\/image-20.png 418w, https:\/\/invictus-asso.fr\/wp-content\/uploads\/2023\/10\/image-20-300x201.png 300w\" sizes=\"(max-width: 418px) 100vw, 418px\" \/><\/a><\/figure>\n\n\n\n<p>\u00ab Une soci\u00e9t\u00e9 inclusive est une soci\u00e9t\u00e9 sans privil\u00e8ges, sans exclusivit\u00e9s ni exclusions. Sans hi\u00e9rarchisation. Sans ligne Maginot pour se prot\u00e9ger de ceux qui font l&rsquo;\u00e9preuve d&rsquo;un dysfonctionnement de leur corps ou de leur esprit, et \u00e9puisent leurs forces \u00e0 r\u00e9sister au danger de n\u00e9antisation. Ils n&rsquo;ont pu choisir leur destin ; ils l&rsquo;auraient souhait\u00e9 mais ils n&rsquo;ont pas eu cette latitude. Nul n&rsquo;a le droit de les d\u00e9pouiller de leur part l\u00e9gitime du patrimoine commun ; de les priver du droit \u00e0 avoir des droits. \u00bbCharles Gardou, \u00ab La soci\u00e9t\u00e9 inclusive, parlons-en ! \u00bb<\/p>\n\n\n\n<p><a href=\"https:\/\/www.leetchi.com\/c\/action-solidaire-covid19\">Ici<\/a>\u00a0vous pouvez directement et en un clic, participer \u00e0 cette cagnotte.<\/p>\n\n\n\n<figure class=\"wp-block-image size-full\"><a href=\"https:\/\/bit.ly\/3hYZIJv\"><img decoding=\"async\" width=\"221\" height=\"47\" src=\"https:\/\/invictus-asso.fr\/wp-content\/uploads\/2023\/10\/image-21.png\" alt=\"\" class=\"wp-image-206\"\/><\/a><\/figure>\n\n\n\n<ul class=\"wp-block-list\">\n<li>Chacun participe du montant qu&rsquo;il souhaite.&nbsp; &nbsp; &nbsp; &nbsp; &nbsp; &nbsp; &nbsp; &nbsp; &nbsp; &nbsp; &nbsp; &nbsp; &nbsp; &nbsp; &nbsp; &nbsp; &nbsp; &nbsp; &nbsp; &nbsp; &nbsp; &nbsp; &nbsp; &nbsp; &nbsp; &nbsp; &nbsp; &nbsp; &nbsp; &nbsp;<a href=\"https:\/\/bit.ly\/3hYZIJv\" target=\"_blank\" rel=\"noreferrer noopener\"><\/a><\/li>\n\n\n\n<li>Tous les paiements sont s\u00e9curis\u00e9s.<\/li>\n<\/ul>\n\n\n\n<p>Envie de nous aider \u00e0 r\u00e9colter plus de dons ? Partagez cette cagnotte !<\/p>\n\n\n\n<p>Merci \u00e0 tous !<\/p>\n\n\n\n<p>Les versements r\u00e9alis\u00e9s au profit d&rsquo;organismes ayant pour objet de venir en aide aux personnes en difficult\u00e9 ouvrent droit \u00e0 une r\u00e9duction d&rsquo;imp\u00f4t de 75 % des sommes vers\u00e9es retenues dans la limite de 537 \u20ac (r\u00e9duction maximale de 403 \u20ac) et 66 % au-del\u00e0 de 537 \u20ac (dans la limite de 20 % de revenu imposable) pour les dons vers\u00e9s \u00e0 compter de 2018.<\/p>\n\n\n\n<p>L\u2019article 163 de la loi n\u00b0 2019-1479 du 28 d\u00e9cembre 2019 de finances pour 2020 a \u00e9tendu cette r\u00e9duction de 75 % aux \u00ab versements effectu\u00e9s entre le 1er janvier 2020 et le 31 d\u00e9cembre 2021 au profit d&rsquo;organismes sans but lucratif qui exercent des actions concr\u00e8tes en faveur des victimes de violence domestique (&#8230;) \u00bb (article 200 1ter du Code g\u00e9n\u00e9ral des imp\u00f4ts modifi\u00e9).<\/p>\n","protected":false},"excerpt":{"rendered":"<p>Association \u0153uvrant dans le champ de la petite enfance, les secteurs du handicap et du grand \u00e2ge, dont les objectifs sont l\u2019inclusion et l\u2019autonomie des personnes. \u00ab Une soci\u00e9t\u00e9 inclusive est une soci\u00e9t\u00e9 sans privil\u00e8ges, sans exclusivit\u00e9s ni exclusions. Sans hi\u00e9rarchisation. Sans ligne Maginot pour se prot\u00e9ger de ceux qui font l&rsquo;\u00e9preuve d&rsquo;un dysfonctionnement de [&hellip;]<\/p>\n","protected":false},"author":1,"featured_media":0,"comment_status":"open","ping_status":"closed","sticky":false,"template":"","format":"standard","meta":{"om_disable_all_campaigns":false,"_monsterinsights_skip_tracking":false,"_monsterinsights_sitenote_active":false,"_monsterinsights_sitenote_note":"","_monsterinsights_sitenote_category":0,"site-sidebar-layout":"default","site-content-layout":"","ast-site-content-layout":"","site-content-style":"default","site-sidebar-style":"default","ast-global-header-display":"","ast-banner-title-visibility":"","ast-main-header-display":"","ast-hfb-above-header-display":"","ast-hfb-below-header-display":"","ast-hfb-mobile-header-display":"","site-post-title":"","ast-breadcrumbs-content":"","ast-featured-img":"","footer-sml-layout":"","theme-transparent-header-meta":"","adv-header-id-meta":"","stick-header-meta":"","header-above-stick-meta":"","header-main-stick-meta":"","header-below-stick-meta":"","astra-migrate-meta-layouts":"default","ast-page-background-enabled":"default","ast-page-background-meta":{"desktop":{"background-color":"var(--ast-global-color-4)","background-image":"","background-repeat":"repeat","background-position":"center center","background-size":"auto","background-attachment":"scroll","background-type":"","background-media":"","overlay-type":"","overlay-color":"","overlay-opacity":"","overlay-gradient":""},"tablet":{"background-color":"","background-image":"","background-repeat":"repeat","background-position":"center center","background-size":"auto","background-attachment":"scroll","background-type":"","background-media":"","overlay-type":"","overlay-color":"","overlay-opacity":"","overlay-gradient":""},"mobile":{"background-color":"","background-image":"","background-repeat":"repeat","background-position":"center center","background-size":"auto","background-attachment":"scroll","background-type":"","background-media":"","overlay-type":"","overlay-color":"","overlay-opacity":"","overlay-gradient":""}},"ast-content-background-meta":{"desktop":{"background-color":"var(--ast-global-color-5)","background-image":"","background-repeat":"repeat","background-position":"center center","background-size":"auto","background-attachment":"scroll","background-type":"","background-media":"","overlay-type":"","overlay-color":"","overlay-opacity":"","overlay-gradient":""},"tablet":{"background-color":"var(--ast-global-color-5)","background-image":"","background-repeat":"repeat","background-position":"center center","background-size":"auto","background-attachment":"scroll","background-type":"","background-media":"","overlay-type":"","overlay-color":"","overlay-opacity":"","overlay-gradient":""},"mobile":{"background-color":"var(--ast-global-color-5)","background-image":"","background-repeat":"repeat","background-position":"center center","background-size":"auto","background-attachment":"scroll","background-type":"","background-media":"","overlay-type":"","overlay-color":"","overlay-opacity":"","overlay-gradient":""}},"footnotes":""},"categories":[23,21],"tags":[],"class_list":["post-204","post","type-post","status-publish","format-standard","hentry","category-actions-sociales-solidaires","category-vie-associative"],"aioseo_notices":[],"_links":{"self":[{"href":"https:\/\/invictus-asso.fr\/index.php\/wp-json\/wp\/v2\/posts\/204","targetHints":{"allow":["GET"]}}],"collection":[{"href":"https:\/\/invictus-asso.fr\/index.php\/wp-json\/wp\/v2\/posts"}],"about":[{"href":"https:\/\/invictus-asso.fr\/index.php\/wp-json\/wp\/v2\/types\/post"}],"author":[{"embeddable":true,"href":"https:\/\/invictus-asso.fr\/index.php\/wp-json\/wp\/v2\/users\/1"}],"replies":[{"embeddable":true,"href":"https:\/\/invictus-asso.fr\/index.php\/wp-json\/wp\/v2\/comments?post=204"}],"version-history":[{"count":1,"href":"https:\/\/invictus-asso.fr\/index.php\/wp-json\/wp\/v2\/posts\/204\/revisions"}],"predecessor-version":[{"id":207,"href":"https:\/\/invictus-asso.fr\/index.php\/wp-json\/wp\/v2\/posts\/204\/revisions\/207"}],"wp:attachment":[{"href":"https:\/\/invictus-asso.fr\/index.php\/wp-json\/wp\/v2\/media?parent=204"}],"wp:term":[{"taxonomy":"category","embeddable":true,"href":"https:\/\/invictus-asso.fr\/index.php\/wp-json\/wp\/v2\/categories?post=204"},{"taxonomy":"post_tag","embeddable":true,"href":"https:\/\/invictus-asso.fr\/index.php\/wp-json\/wp\/v2\/tags?post=204"}],"curies":[{"name":"wp","href":"https:\/\/api.w.org\/{rel}","templated":true}]}}