{"id":17,"date":"2023-09-30T17:57:14","date_gmt":"2023-09-30T17:57:14","guid":{"rendered":"https:\/\/invictus-asso.fr\/?p=17"},"modified":"2023-10-01T05:47:44","modified_gmt":"2023-10-01T05:47:44","slug":"qui-sommes-nous","status":"publish","type":"post","link":"https:\/\/invictus-asso.fr\/index.php\/2023\/09\/30\/qui-sommes-nous\/","title":{"rendered":"Qui Sommes-Nous ?"},"content":{"rendered":"\n<h2 class=\"wp-block-heading\"><a href=\"https:\/\/invictus-asso.fr\/index.php\/hikashop-menu-for-categories-listing\/qui-sommes-nous\">Pr\u00e9sentation Association INVICTUS S&amp;A<\/a><\/h2>\n\n\n\n<figure class=\"wp-block-table\"><table><tbody><tr><td><strong>Pers\u00e9v\u00e9rance -Espoir -Avenir \u2013 Confiance &#8211; Autonomie<\/strong><br>Soyons comme un olivier ancr\u00e9 par nos racines fort par la pers\u00e9v\u00e9rance en esp\u00e9rant un avenir bien fleuri.<br>\u00a0\u00ab<strong>\u00a0INVICTUS\u00a0<\/strong>\u00bb est une association \u00e0 but non lucratif(association 1901).Porteuse d\u2019une volont\u00e9 \u00e0 \u0153uvrer dans les domaines de la petite enfance, l\u2019inclusion des personnes en situation d\u2019handicap et l\u2019accompagnement et au maintien de l\u2019autonomie des personnes \u00e2g\u00e9es.<br>\u00ab\u00a0INVICTUS\u00a0\u00bb a pour objet\u00a0:<br>Trouver des moyens qui permettent le maintien de l\u2019autonomie<br>Favoriser la Pair-Aidance .<br>Cr\u00e9er une dynamique d\u2019ensemble et une continuit\u00e9 de soins<br>Encourager l\u2019Insertion socioprofessionnelle.<br>Rechercher des alternatives \u00e0 l\u2019institutionnalisation<br>Cr\u00e9er des projets \u00e9conomiques viables r\u00e9pondant aux besoins et favorisants l\u2019inclusion.<\/td><\/tr><\/tbody><\/table><\/figure>\n\n\n\n<div class=\"wp-block-cover is-light\"><span aria-hidden=\"true\" class=\"wp-block-cover__background has-background-dim\"><\/span><img fetchpriority=\"high\" decoding=\"async\" width=\"687\" height=\"306\" class=\"wp-block-cover__image-background wp-image-19\" alt=\"\" src=\"https:\/\/invictus-asso.fr\/wp-content\/uploads\/2023\/09\/image.png\" data-object-fit=\"cover\" srcset=\"https:\/\/invictus-asso.fr\/wp-content\/uploads\/2023\/09\/image.png 687w, https:\/\/invictus-asso.fr\/wp-content\/uploads\/2023\/09\/image-300x134.png 300w, https:\/\/invictus-asso.fr\/wp-content\/uploads\/2023\/09\/image-600x267.png 600w\" sizes=\"(max-width: 687px) 100vw, 687px\" \/><div class=\"wp-block-cover__inner-container is-layout-flow wp-block-cover-is-layout-flow\">\n<p class=\"has-text-align-center has-large-font-size\"><\/p>\n<\/div><\/div>\n\n\n\n<figure class=\"wp-block-image size-full is-resized\"><img decoding=\"async\" src=\"https:\/\/invictus-asso.fr\/wp-content\/uploads\/2023\/09\/image-1.png\" alt=\"\" class=\"wp-image-20\" style=\"width:1015px;height:373px\" width=\"1015\" height=\"373\"\/><\/figure>\n\n\n\n<div class=\"wp-block-cover is-light\"><span aria-hidden=\"true\" class=\"wp-block-cover__background has-background-dim\"><\/span><img decoding=\"async\" width=\"704\" height=\"305\" class=\"wp-block-cover__image-background wp-image-21\" alt=\"\" src=\"https:\/\/invictus-asso.fr\/wp-content\/uploads\/2023\/09\/image-2.png\" data-object-fit=\"cover\" srcset=\"https:\/\/invictus-asso.fr\/wp-content\/uploads\/2023\/09\/image-2.png 704w, https:\/\/invictus-asso.fr\/wp-content\/uploads\/2023\/09\/image-2-300x130.png 300w, https:\/\/invictus-asso.fr\/wp-content\/uploads\/2023\/09\/image-2-600x260.png 600w\" sizes=\"(max-width: 704px) 100vw, 704px\" \/><div class=\"wp-block-cover__inner-container is-layout-flow wp-block-cover-is-layout-flow\">\n<p class=\"has-text-align-center has-large-font-size\"><\/p>\n<\/div><\/div>\n\n\n\n<figure class=\"wp-block-image size-full is-resized\"><img loading=\"lazy\" decoding=\"async\" src=\"https:\/\/invictus-asso.fr\/wp-content\/uploads\/2023\/09\/image-3.png\" alt=\"\" class=\"wp-image-22\" style=\"width:1015px;height:354px\" width=\"1015\" height=\"354\"\/><\/figure>\n\n\n\n<div class=\"wp-block-cover is-light\"><span aria-hidden=\"true\" class=\"wp-block-cover__background has-background-dim\"><\/span><img loading=\"lazy\" decoding=\"async\" width=\"667\" height=\"299\" class=\"wp-block-cover__image-background wp-image-23\" alt=\"\" src=\"https:\/\/invictus-asso.fr\/wp-content\/uploads\/2023\/09\/image-4.png\" data-object-fit=\"cover\" srcset=\"https:\/\/invictus-asso.fr\/wp-content\/uploads\/2023\/09\/image-4.png 667w, https:\/\/invictus-asso.fr\/wp-content\/uploads\/2023\/09\/image-4-300x134.png 300w, https:\/\/invictus-asso.fr\/wp-content\/uploads\/2023\/09\/image-4-600x269.png 600w\" sizes=\"(max-width: 667px) 100vw, 667px\" \/><div class=\"wp-block-cover__inner-container is-layout-flow wp-block-cover-is-layout-flow\">\n<p class=\"has-text-align-center has-large-font-size\"><\/p>\n<\/div><\/div>\n\n\n\n<figure class=\"wp-block-image size-full\"><img loading=\"lazy\" decoding=\"async\" width=\"275\" height=\"296\" src=\"https:\/\/invictus-asso.fr\/wp-content\/uploads\/2023\/09\/Capture-decran-du-2023-10-01-07-31-19.png\" alt=\"\" class=\"wp-image-172\"\/><\/figure>\n\n\n\n<figure class=\"wp-block-image size-full\"><img loading=\"lazy\" decoding=\"async\" width=\"289\" height=\"338\" src=\"https:\/\/invictus-asso.fr\/wp-content\/uploads\/2023\/09\/Capture-decran-du-2023-10-01-07-31-37.png\" alt=\"\" class=\"wp-image-171\" srcset=\"https:\/\/invictus-asso.fr\/wp-content\/uploads\/2023\/09\/Capture-decran-du-2023-10-01-07-31-37.png 289w, https:\/\/invictus-asso.fr\/wp-content\/uploads\/2023\/09\/Capture-decran-du-2023-10-01-07-31-37-257x300.png 257w\" sizes=\"(max-width: 289px) 100vw, 289px\" \/><\/figure>\n","protected":false},"excerpt":{"rendered":"<p>Pr\u00e9sentation Association INVICTUS S&amp;A Pers\u00e9v\u00e9rance -Espoir -Avenir \u2013 Confiance &#8211; AutonomieSoyons comme un olivier ancr\u00e9 par nos racines fort par la pers\u00e9v\u00e9rance en esp\u00e9rant un avenir bien fleuri.\u00a0\u00ab\u00a0INVICTUS\u00a0\u00bb est une association \u00e0 but non lucratif(association 1901).Porteuse d\u2019une volont\u00e9 \u00e0 \u0153uvrer dans les domaines de la petite enfance, l\u2019inclusion des personnes en situation d\u2019handicap et l\u2019accompagnement [&hellip;]<\/p>\n","protected":false},"author":1,"featured_media":0,"comment_status":"open","ping_status":"closed","sticky":false,"template":"","format":"standard","meta":{"om_disable_all_campaigns":false,"_monsterinsights_skip_tracking":false,"_monsterinsights_sitenote_active":false,"_monsterinsights_sitenote_note":"","_monsterinsights_sitenote_category":0,"site-sidebar-layout":"default","site-content-layout":"","ast-site-content-layout":"","site-content-style":"default","site-sidebar-style":"default","ast-global-header-display":"","ast-banner-title-visibility":"","ast-main-header-display":"","ast-hfb-above-header-display":"","ast-hfb-below-header-display":"","ast-hfb-mobile-header-display":"","site-post-title":"","ast-breadcrumbs-content":"","ast-featured-img":"","footer-sml-layout":"","theme-transparent-header-meta":"","adv-header-id-meta":"","stick-header-meta":"","header-above-stick-meta":"","header-main-stick-meta":"","header-below-stick-meta":"","astra-migrate-meta-layouts":"default","ast-page-background-enabled":"default","ast-page-background-meta":{"desktop":{"background-color":"var(--ast-global-color-4)","background-image":"","background-repeat":"repeat","background-position":"center center","background-size":"auto","background-attachment":"scroll","background-type":"","background-media":"","overlay-type":"","overlay-color":"","overlay-opacity":"","overlay-gradient":""},"tablet":{"background-color":"","background-image":"","background-repeat":"repeat","background-position":"center center","background-size":"auto","background-attachment":"scroll","background-type":"","background-media":"","overlay-type":"","overlay-color":"","overlay-opacity":"","overlay-gradient":""},"mobile":{"background-color":"","background-image":"","background-repeat":"repeat","background-position":"center center","background-size":"auto","background-attachment":"scroll","background-type":"","background-media":"","overlay-type":"","overlay-color":"","overlay-opacity":"","overlay-gradient":""}},"ast-content-background-meta":{"desktop":{"background-color":"var(--ast-global-color-5)","background-image":"","background-repeat":"repeat","background-position":"center center","background-size":"auto","background-attachment":"scroll","background-type":"","background-media":"","overlay-type":"","overlay-color":"","overlay-opacity":"","overlay-gradient":""},"tablet":{"background-color":"var(--ast-global-color-5)","background-image":"","background-repeat":"repeat","background-position":"center center","background-size":"auto","background-attachment":"scroll","background-type":"","background-media":"","overlay-type":"","overlay-color":"","overlay-opacity":"","overlay-gradient":""},"mobile":{"background-color":"var(--ast-global-color-5)","background-image":"","background-repeat":"repeat","background-position":"center center","background-size":"auto","background-attachment":"scroll","background-type":"","background-media":"","overlay-type":"","overlay-color":"","overlay-opacity":"","overlay-gradient":""}},"footnotes":""},"categories":[25],"tags":[],"class_list":["post-17","post","type-post","status-publish","format-standard","hentry","category-a-propos"],"aioseo_notices":[],"_links":{"self":[{"href":"https:\/\/invictus-asso.fr\/index.php\/wp-json\/wp\/v2\/posts\/17","targetHints":{"allow":["GET"]}}],"collection":[{"href":"https:\/\/invictus-asso.fr\/index.php\/wp-json\/wp\/v2\/posts"}],"about":[{"href":"https:\/\/invictus-asso.fr\/index.php\/wp-json\/wp\/v2\/types\/post"}],"author":[{"embeddable":true,"href":"https:\/\/invictus-asso.fr\/index.php\/wp-json\/wp\/v2\/users\/1"}],"replies":[{"embeddable":true,"href":"https:\/\/invictus-asso.fr\/index.php\/wp-json\/wp\/v2\/comments?post=17"}],"version-history":[{"count":3,"href":"https:\/\/invictus-asso.fr\/index.php\/wp-json\/wp\/v2\/posts\/17\/revisions"}],"predecessor-version":[{"id":175,"href":"https:\/\/invictus-asso.fr\/index.php\/wp-json\/wp\/v2\/posts\/17\/revisions\/175"}],"wp:attachment":[{"href":"https:\/\/invictus-asso.fr\/index.php\/wp-json\/wp\/v2\/media?parent=17"}],"wp:term":[{"taxonomy":"category","embeddable":true,"href":"https:\/\/invictus-asso.fr\/index.php\/wp-json\/wp\/v2\/categories?post=17"},{"taxonomy":"post_tag","embeddable":true,"href":"https:\/\/invictus-asso.fr\/index.php\/wp-json\/wp\/v2\/tags?post=17"}],"curies":[{"name":"wp","href":"https:\/\/api.w.org\/{rel}","templated":true}]}}